{"id":5255,"date":"2023-07-07T14:16:09","date_gmt":"2023-07-07T12:16:09","guid":{"rendered":"https:\/\/www.ademe-investissement.fr\/?p=5255"},"modified":"2023-07-07T14:16:09","modified_gmt":"2023-07-07T12:16:09","slug":"retrouvez-ademe-investissement-au-salon-hyvolution-les-2728-octobre-2021","status":"publish","type":"post","link":"https:\/\/www.ademe-investissement.fr\/en\/events\/retrouvez-ademe-investissement-au-salon-hyvolution-les-2728-octobre-2021\/","title":{"rendered":"Retrouvez ADEME Investissement au salon  HYVOLUTION les 27&#038;28 octobre 2021"},"content":{"rendered":"\r\n\r\nVenez \u00e9changer avec notre Directrice G\u00e9n\u00e9rale,\u00a0<a href=\"https:\/\/www.linkedin.com\/in\/ACoAAAA4gNkBP586Y5GbJNfh8cytPi9_mplHd_I?lipi=urn%3Ali%3Apage%3Ad_flagship3_company_admin%3BRk39mnwKTiG7N7CiXEifQg%3D%3D\" target=\"_blank\" rel=\"noreferrer noopener\">Karine Merere<\/a>\u00a0et\u00a0notre Analyste s\u00e9nior, <a href=\"https:\/\/www.linkedin.com\/in\/ACoAABrKpzIBaLIQ9TGmRQi6YA3pus_GAhiz4I8?lipi=urn%3Ali%3Apage%3Ad_flagship3_company_admin%3BRk39mnwKTiG7N7CiXEifQg%3D%3D\" target=\"_blank\" rel=\"noreferrer noopener\">Edwige Dissanayake<\/a> qui seront pr\u00e9sentes au salon Hyvolution, sur le stand de L\u2019ADEME, Hall B &#8211; n\u00b0C20. Contactez-les via LinkedIn en cliquant sur leur nom pour une prise de rendez-vous !\r\n\r\n","protected":false},"excerpt":{"rendered":"<p>Venez \u00e9changer avec notre Directrice G\u00e9n\u00e9rale,\u00a0Karine Merere\u00a0et\u00a0notre Analyste s\u00e9nior, Edwige Dissanayake qui seront pr\u00e9sentes au salon Hyvolution, sur le stand de L\u2019ADEME, Hall B &#8211; n\u00b0C20. Contactez-les via LinkedIn en cliquant sur leur nom pour une prise de rendez-vous !<\/p>\n","protected":false},"author":5,"featured_media":1671,"comment_status":"closed","ping_status":"closed","sticky":false,"template":"","format":"standard","meta":{"_acf_changed":false,"footnotes":""},"categories":[10],"tags":[],"class_list":["post-5255","post","type-post","status-publish","format-standard","has-post-thumbnail","hentry","category-events"],"acf":[],"_links":{"self":[{"href":"https:\/\/www.ademe-investissement.fr\/en\/wp-json\/wp\/v2\/posts\/5255","targetHints":{"allow":["GET"]}}],"collection":[{"href":"https:\/\/www.ademe-investissement.fr\/en\/wp-json\/wp\/v2\/posts"}],"about":[{"href":"https:\/\/www.ademe-investissement.fr\/en\/wp-json\/wp\/v2\/types\/post"}],"author":[{"embeddable":true,"href":"https:\/\/www.ademe-investissement.fr\/en\/wp-json\/wp\/v2\/users\/5"}],"replies":[{"embeddable":true,"href":"https:\/\/www.ademe-investissement.fr\/en\/wp-json\/wp\/v2\/comments?post=5255"}],"version-history":[{"count":1,"href":"https:\/\/www.ademe-investissement.fr\/en\/wp-json\/wp\/v2\/posts\/5255\/revisions"}],"predecessor-version":[{"id":5256,"href":"https:\/\/www.ademe-investissement.fr\/en\/wp-json\/wp\/v2\/posts\/5255\/revisions\/5256"}],"wp:featuredmedia":[{"embeddable":true,"href":"https:\/\/www.ademe-investissement.fr\/en\/wp-json\/wp\/v2\/media\/1671"}],"wp:attachment":[{"href":"https:\/\/www.ademe-investissement.fr\/en\/wp-json\/wp\/v2\/media?parent=5255"}],"wp:term":[{"taxonomy":"category","embeddable":true,"href":"https:\/\/www.ademe-investissement.fr\/en\/wp-json\/wp\/v2\/categories?post=5255"},{"taxonomy":"post_tag","embeddable":true,"href":"https:\/\/www.ademe-investissement.fr\/en\/wp-json\/wp\/v2\/tags?post=5255"}],"curies":[{"name":"wp","href":"https:\/\/api.w.org\/{rel}","templated":true}]}}